{"id":6173,"date":"2022-07-16T23:16:53","date_gmt":"2022-07-16T21:16:53","guid":{"rendered":"https:\/\/fadajedrez.com\/ajedrezalmeria\/?p=6173"},"modified":"2022-07-16T23:18:14","modified_gmt":"2022-07-16T21:18:14","slug":"semana-del-ajedrez-del-24-al-30-de-julio-con-el-mi-cubano-luis-sieiro","status":"publish","type":"post","link":"https:\/\/fadajedrez.com\/ajedrezalmeria\/2022\/07\/semana-del-ajedrez-del-24-al-30-de-julio-con-el-mi-cubano-luis-sieiro.html","title":{"rendered":"Semana del ajedrez, del 24 al 30 de Julio, con el MI Cubano Luis Sieiro"},"content":{"rendered":"\n<figure class=\"wp-block-image size-large\"><img loading=\"lazy\" decoding=\"async\" width=\"500\" height=\"333\" src=\"https:\/\/fadajedrez.com\/ajedrezalmeria\/wp-content\/uploads\/2022\/07\/zseiro2-500x333.jpg\" alt=\"\" class=\"wp-image-6174\" srcset=\"https:\/\/fadajedrez.com\/ajedrezalmeria\/wp-content\/uploads\/2022\/07\/zseiro2-500x333.jpg 500w, https:\/\/fadajedrez.com\/ajedrezalmeria\/wp-content\/uploads\/2022\/07\/zseiro2-300x200.jpg 300w, https:\/\/fadajedrez.com\/ajedrezalmeria\/wp-content\/uploads\/2022\/07\/zseiro2-768x512.jpg 768w, https:\/\/fadajedrez.com\/ajedrezalmeria\/wp-content\/uploads\/2022\/07\/zseiro2.jpg 960w\" sizes=\"auto, (max-width: 500px) 100vw, 500px\" \/><figcaption>Foto tomada de: http:\/\/www.nibaldocalvo.com\/<\/figcaption><\/figure>\n\n\n\n<p>Semana del ajedrez, del 24 al 30 de Julio, con el MI Cubano Luis Sieiro que tocar\u00e1 los siguientes temas generales de ajedrez:<\/p>\n\n\n\n<p>1) Carlsen y los cambios de piezas.<br>2) El gran sentido de la iniciativa de Fischer.<br>3) Planes para enfrentarse al ataque de minor\u00edas.<br>4) Kramnik y la transici\u00f3n al final.<br>5) La pareja de Alfiles.<br>6) Directrices generales del entrenamiento, como entrenar.<\/p>\n\n\n\n<p>El seminario tendr\u00e1 lugar Roquetas en horario de tarde, desde las 17h hasta finalizaci\u00f3n, de 20:30 a 21:00h aproximadamente, y tiene un coste de 20\u20ac por persona, enfocado a un nivel aproximado de 1700 a 1900 ELO y, habr\u00e1 que apuntarse con fecha tope 20 de Julio por correo electr\u00f3nico a la delegaci\u00f3n y, abonando la cuota en la cuenta de la delegaci\u00f3n, la del banco Sabadell.<\/p>\n","protected":false},"excerpt":{"rendered":"<p>Semana del ajedrez, del 24 al 30 de Julio, con el MI Cubano Luis Sieiro que tocar\u00e1 los siguientes temas<\/p>\n","protected":false},"author":7,"featured_media":5918,"comment_status":"closed","ping_status":"closed","sticky":false,"template":"","format":"standard","meta":{"footnotes":""},"categories":[18,7],"tags":[],"class_list":["post-6173","post","type-post","status-publish","format-standard","has-post-thumbnail","hentry","category-novedades","category-portada"],"_links":{"self":[{"href":"https:\/\/fadajedrez.com\/ajedrezalmeria\/wp-json\/wp\/v2\/posts\/6173","targetHints":{"allow":["GET"]}}],"collection":[{"href":"https:\/\/fadajedrez.com\/ajedrezalmeria\/wp-json\/wp\/v2\/posts"}],"about":[{"href":"https:\/\/fadajedrez.com\/ajedrezalmeria\/wp-json\/wp\/v2\/types\/post"}],"author":[{"embeddable":true,"href":"https:\/\/fadajedrez.com\/ajedrezalmeria\/wp-json\/wp\/v2\/users\/7"}],"replies":[{"embeddable":true,"href":"https:\/\/fadajedrez.com\/ajedrezalmeria\/wp-json\/wp\/v2\/comments?post=6173"}],"version-history":[{"count":1,"href":"https:\/\/fadajedrez.com\/ajedrezalmeria\/wp-json\/wp\/v2\/posts\/6173\/revisions"}],"predecessor-version":[{"id":6175,"href":"https:\/\/fadajedrez.com\/ajedrezalmeria\/wp-json\/wp\/v2\/posts\/6173\/revisions\/6175"}],"wp:featuredmedia":[{"embeddable":true,"href":"https:\/\/fadajedrez.com\/ajedrezalmeria\/wp-json\/wp\/v2\/media\/5918"}],"wp:attachment":[{"href":"https:\/\/fadajedrez.com\/ajedrezalmeria\/wp-json\/wp\/v2\/media?parent=6173"}],"wp:term":[{"taxonomy":"category","embeddable":true,"href":"https:\/\/fadajedrez.com\/ajedrezalmeria\/wp-json\/wp\/v2\/categories?post=6173"},{"taxonomy":"post_tag","embeddable":true,"href":"https:\/\/fadajedrez.com\/ajedrezalmeria\/wp-json\/wp\/v2\/tags?post=6173"}],"curies":[{"name":"wp","href":"https:\/\/api.w.org\/{rel}","templated":true}]}}