{"id":6130,"date":"2022-06-11T21:53:17","date_gmt":"2022-06-11T19:53:17","guid":{"rendered":"https:\/\/fadajedrez.com\/ajedrezalmeria\/?p=6130"},"modified":"2022-06-11T21:53:19","modified_gmt":"2022-06-11T19:53:19","slug":"david-jimenez-freniche-campeon-sub-18-de-almeria","status":"publish","type":"post","link":"https:\/\/fadajedrez.com\/ajedrezalmeria\/2022\/06\/david-jimenez-freniche-campeon-sub-18-de-almeria.html","title":{"rendered":"David Jim\u00e9nez Freniche campe\u00f3n Sub-18 de Almer\u00eda"},"content":{"rendered":"\n<p>Los d\u00edas 21 y 22 de mayo se celebr\u00f3 el campeonato sub-18 de Almer\u00eda en la localidad de El Ejido.<\/p>\n\n\n\n<p>El campe\u00f3n fue David Jim\u00e9nez Freniche. La campeona fue Aitana Portero Bravo.<\/p>\n\n\n\n<p>Felicidades!<\/p>\n\n\n\n<figure class=\"wp-block-image size-large\"><img loading=\"lazy\" decoding=\"async\" width=\"500\" height=\"707\" src=\"https:\/\/fadajedrez.com\/ajedrezalmeria\/wp-content\/uploads\/2022\/06\/WhatsApp-Image-2022-06-08-at-11.43.54-AM-500x707.jpeg\" alt=\"\" class=\"wp-image-6131\" srcset=\"https:\/\/fadajedrez.com\/ajedrezalmeria\/wp-content\/uploads\/2022\/06\/WhatsApp-Image-2022-06-08-at-11.43.54-AM-500x707.jpeg 500w, https:\/\/fadajedrez.com\/ajedrezalmeria\/wp-content\/uploads\/2022\/06\/WhatsApp-Image-2022-06-08-at-11.43.54-AM-300x424.jpeg 300w, https:\/\/fadajedrez.com\/ajedrezalmeria\/wp-content\/uploads\/2022\/06\/WhatsApp-Image-2022-06-08-at-11.43.54-AM-768x1086.jpeg 768w, https:\/\/fadajedrez.com\/ajedrezalmeria\/wp-content\/uploads\/2022\/06\/WhatsApp-Image-2022-06-08-at-11.43.54-AM-1086x1536.jpeg 1086w, https:\/\/fadajedrez.com\/ajedrezalmeria\/wp-content\/uploads\/2022\/06\/WhatsApp-Image-2022-06-08-at-11.43.54-AM.jpeg 1131w\" sizes=\"auto, (max-width: 500px) 100vw, 500px\" \/><\/figure>\n\n\n\n<p>Clasificaci\u00f3n: <a href=\"http:\/\/chess-results.com\/tnr629983.aspx?lan=2&amp;art=1&amp;rd=5\">Chess-Results Server Chess-results.com &#8211; Provincial de Almeria Juvenil<\/a><\/p>\n","protected":false},"excerpt":{"rendered":"<p>Los d\u00edas 21 y 22 de mayo se celebr\u00f3 el campeonato sub-18 de Almer\u00eda en la localidad de El Ejido.<\/p>\n","protected":false},"author":7,"featured_media":6103,"comment_status":"closed","ping_status":"closed","sticky":false,"template":"","format":"standard","meta":{"footnotes":""},"categories":[18,11,32],"tags":[],"class_list":["post-6130","post","type-post","status-publish","format-standard","has-post-thumbnail","hentry","category-novedades","category-competiciones","category-juvenil"],"_links":{"self":[{"href":"https:\/\/fadajedrez.com\/ajedrezalmeria\/wp-json\/wp\/v2\/posts\/6130","targetHints":{"allow":["GET"]}}],"collection":[{"href":"https:\/\/fadajedrez.com\/ajedrezalmeria\/wp-json\/wp\/v2\/posts"}],"about":[{"href":"https:\/\/fadajedrez.com\/ajedrezalmeria\/wp-json\/wp\/v2\/types\/post"}],"author":[{"embeddable":true,"href":"https:\/\/fadajedrez.com\/ajedrezalmeria\/wp-json\/wp\/v2\/users\/7"}],"replies":[{"embeddable":true,"href":"https:\/\/fadajedrez.com\/ajedrezalmeria\/wp-json\/wp\/v2\/comments?post=6130"}],"version-history":[{"count":1,"href":"https:\/\/fadajedrez.com\/ajedrezalmeria\/wp-json\/wp\/v2\/posts\/6130\/revisions"}],"predecessor-version":[{"id":6132,"href":"https:\/\/fadajedrez.com\/ajedrezalmeria\/wp-json\/wp\/v2\/posts\/6130\/revisions\/6132"}],"wp:featuredmedia":[{"embeddable":true,"href":"https:\/\/fadajedrez.com\/ajedrezalmeria\/wp-json\/wp\/v2\/media\/6103"}],"wp:attachment":[{"href":"https:\/\/fadajedrez.com\/ajedrezalmeria\/wp-json\/wp\/v2\/media?parent=6130"}],"wp:term":[{"taxonomy":"category","embeddable":true,"href":"https:\/\/fadajedrez.com\/ajedrezalmeria\/wp-json\/wp\/v2\/categories?post=6130"},{"taxonomy":"post_tag","embeddable":true,"href":"https:\/\/fadajedrez.com\/ajedrezalmeria\/wp-json\/wp\/v2\/tags?post=6130"}],"curies":[{"name":"wp","href":"https:\/\/api.w.org\/{rel}","templated":true}]}}