{"id":6106,"date":"2022-05-09T14:39:41","date_gmt":"2022-05-09T12:39:41","guid":{"rendered":"https:\/\/fadajedrez.com\/ajedrezalmeria\/?p=6106"},"modified":"2022-05-22T14:36:37","modified_gmt":"2022-05-22T12:36:37","slug":"campeones-por-edades-de-almeria-2022","status":"publish","type":"post","link":"https:\/\/fadajedrez.com\/ajedrezalmeria\/2022\/05\/campeones-por-edades-de-almeria-2022.html","title":{"rendered":"Campeones por Edades de Almer\u00eda 2022"},"content":{"rendered":"\n<p>Felicidades a todos los premiados en los Campeonatos Provinciales  por Edades.<\/p>\n\n\n\n<p><strong>Sub-16<\/strong><br>Campe\u00f3n: Juan Diego Sicilia Laino<br>Subcampe\u00f3n: Ciro Revaliente Montoya<br>3\u00ba Clasificado: \u00c1ngel Ojeda Castillo<br>Campeona: Aitana Portero Bravo<br>Subcampeona: Claudia Mullor Pe\u00f1a<\/p>\n\n\n\n<p><strong>Sub-14<\/strong><br>Campe\u00f3n: Jaime Boris Juan Lepp<br>Subcampe\u00f3n: Dario Raya Hidalgo<br>3\u00ba Clasificado: Javier Latre Rodr\u00edguez<br>Campeona: Sandra Hern\u00e1ndez L\u00f3pez<br>Subcampeona: Alba Barranco L\u00f3pez<br>3\u00aa Clasificada: Olga Beatriz Juan Lepp<\/p>\n\n\n\n<p><strong>Sub-12<\/strong><br>Campe\u00f3n: David Jim\u00e9nez Freniche<br>Subcampe\u00f3n: Hugo Guill\u00e9n Mart\u00ednez<br>3\u00ba Clasificado: Benkiran Amin Debbagh Boutarbouch<br>Campeona: Arailym Muktarkhan<br>Subcampeona: Irene Hern\u00e1ndez L\u00f3pez<br>3\u00aa Clasificada: Ekaterina Valdivia Khudiakova<\/p>\n\n\n\n<p><strong>Sub-10<\/strong><br>Campe\u00f3n: Sergio Ruiz P\u00e9rez<br>Subcampe\u00f3n: Jos\u00e9 David Raya Hidalgo<br>3\u00ba Clasificado: Mario Perals Mart\u00ednez<br>Campeona: Valeria Garrido Rodr\u00edguez<br>Subcampeona: Eva Zapata Alias<br>3\u00aa Clasificada: Julia L\u00f3pez Requena<\/p>\n\n\n\n<p><strong>Sub-08<\/strong><br>Campe\u00f3n: \u00c1ngel Mullor Pe\u00f1a<br>Subcampe\u00f3n: Francisco Mullor Pe\u00f1a<br>3\u00ba Clasificado: Daniel L\u00f3pez Salmer\u00f3n<br>Campeona: Lara Molina Bartomeu<br>Subcampeona: Emma Concepci\u00f3n Almecija Espinosa<br>3\u00aa Clasificada: Emma Garc\u00eda Mesas<\/p>\n","protected":false},"excerpt":{"rendered":"<p>Felicidades a todos los premiados en los Campeonatos Provinciales por Edades. Sub-16Campe\u00f3n: Juan Diego Sicilia LainoSubcampe\u00f3n: Ciro Revaliente Montoya3\u00ba Clasificado:<\/p>\n","protected":false},"author":7,"featured_media":5918,"comment_status":"closed","ping_status":"closed","sticky":false,"template":"","format":"standard","meta":{"footnotes":""},"categories":[18,11,34],"tags":[],"class_list":["post-6106","post","type-post","status-publish","format-standard","has-post-thumbnail","hentry","category-novedades","category-competiciones","category-edades"],"_links":{"self":[{"href":"https:\/\/fadajedrez.com\/ajedrezalmeria\/wp-json\/wp\/v2\/posts\/6106","targetHints":{"allow":["GET"]}}],"collection":[{"href":"https:\/\/fadajedrez.com\/ajedrezalmeria\/wp-json\/wp\/v2\/posts"}],"about":[{"href":"https:\/\/fadajedrez.com\/ajedrezalmeria\/wp-json\/wp\/v2\/types\/post"}],"author":[{"embeddable":true,"href":"https:\/\/fadajedrez.com\/ajedrezalmeria\/wp-json\/wp\/v2\/users\/7"}],"replies":[{"embeddable":true,"href":"https:\/\/fadajedrez.com\/ajedrezalmeria\/wp-json\/wp\/v2\/comments?post=6106"}],"version-history":[{"count":3,"href":"https:\/\/fadajedrez.com\/ajedrezalmeria\/wp-json\/wp\/v2\/posts\/6106\/revisions"}],"predecessor-version":[{"id":6116,"href":"https:\/\/fadajedrez.com\/ajedrezalmeria\/wp-json\/wp\/v2\/posts\/6106\/revisions\/6116"}],"wp:featuredmedia":[{"embeddable":true,"href":"https:\/\/fadajedrez.com\/ajedrezalmeria\/wp-json\/wp\/v2\/media\/5918"}],"wp:attachment":[{"href":"https:\/\/fadajedrez.com\/ajedrezalmeria\/wp-json\/wp\/v2\/media?parent=6106"}],"wp:term":[{"taxonomy":"category","embeddable":true,"href":"https:\/\/fadajedrez.com\/ajedrezalmeria\/wp-json\/wp\/v2\/categories?post=6106"},{"taxonomy":"post_tag","embeddable":true,"href":"https:\/\/fadajedrez.com\/ajedrezalmeria\/wp-json\/wp\/v2\/tags?post=6106"}],"curies":[{"name":"wp","href":"https:\/\/api.w.org\/{rel}","templated":true}]}}