{"id":4895,"date":"2019-05-11T18:12:19","date_gmt":"2019-05-11T16:12:19","guid":{"rendered":"https:\/\/fadajedrez.com\/ajedrezalmeria\/?p=4895"},"modified":"2019-05-11T20:02:15","modified_gmt":"2019-05-11T18:02:15","slug":"el-colegio-agave-subcampeon-del-campeonato-de-espana-de-colegios","status":"publish","type":"post","link":"https:\/\/fadajedrez.com\/ajedrezalmeria\/2019\/05\/el-colegio-agave-subcampeon-del-campeonato-de-espana-de-colegios.html","title":{"rendered":"El Colegio Agave subcampe\u00f3n del Campeonato de Espa\u00f1a de Colegios Sub 12\ufeff"},"content":{"rendered":"\n<p>Los d\u00edas 3 al 5 de Mayo tuvo lugar en Buitrago (Madrid) el VI campeonato de Espa\u00f1a de Colegios con la  participaci\u00f3n de 31 equipos.<\/p>\n\n\n\n<p>El ajedrez almeriense estuvo representado por el Colegio Agave de Huercal y el Colegio Reyes Cat\u00f3licos de Vera.<\/p>\n\n\n\n<figure class=\"wp-block-image is-resized\"><img loading=\"lazy\" decoding=\"async\" src=\"https:\/\/fadajedrez.com\/ajedrezalmeria\/wp-content\/uploads\/2019\/05\/agave2019.jpg\" alt=\"\" class=\"wp-image-4897\" width=\"689\" height=\"517\" srcset=\"https:\/\/fadajedrez.com\/ajedrezalmeria\/wp-content\/uploads\/2019\/05\/agave2019.jpg 918w, https:\/\/fadajedrez.com\/ajedrezalmeria\/wp-content\/uploads\/2019\/05\/agave2019-300x225.jpg 300w, https:\/\/fadajedrez.com\/ajedrezalmeria\/wp-content\/uploads\/2019\/05\/agave2019-768x576.jpg 768w, https:\/\/fadajedrez.com\/ajedrezalmeria\/wp-content\/uploads\/2019\/05\/agave2019-500x375.jpg 500w\" sizes=\"auto, (max-width: 689px) 100vw, 689px\" \/><\/figure>\n\n\n\n<p>El equipo del Colegio Agavese hizo con el subcampeonato sumando 10 puntos de los 12 posibles. El equipo estaba formado por: Jose Manuel Morales Carmona, Javier Latre Rodriguez, Norberto Diaz Leon,Francisco Latre Rodriguez y Pablo Mendez Alba <\/p>\n\n\n\n<p>Hay que destacar el m\u00e9rito del equipo del Colegio Reyes Cat\u00f3licos y el gran trabajo que se esta haciendo en el poco timepo que llevan participando en competiciones. Los jugadores de Vera fueron: Stefan Valent\u00edn Mihaitoaia, Catalina Candil Valero, Paco Garcia Gallego, Ana Sanchez Gallardo,   Kevin Patricio Lozano Parra y Julia Gintare Kucinskas Royo de Leon.<\/p>\n\n\n\n<p>Clasificaci\u00f3n y resultados: <a rel=\"noreferrer noopener\" href=\"https:\/\/info64.org\/team\/campeonato-de-espana-de-colegios-sub-12\/standings\" target=\"_blank\">Info 64<\/a> <br>Reportaje fotogr\u00e1fico en <a rel=\"noreferrer noopener\" href=\"https:\/\/www.facebook.com\/federacionespanoladeajedrez\/\" target=\"_blank\">Facebook de FEDA<\/a><br><\/p>\n","protected":false},"excerpt":{"rendered":"<p>Tambi\u00e9n particip\u00f3 el Colegio Reyes Cat\u00f3licos de Vera<\/p>\n","protected":false},"author":5,"featured_media":4897,"comment_status":"closed","ping_status":"closed","sticky":false,"template":"","format":"standard","meta":{"footnotes":""},"categories":[18,20],"tags":[],"class_list":["post-4895","post","type-post","status-publish","format-standard","has-post-thumbnail","hentry","category-novedades","category-escolar-promocion"],"_links":{"self":[{"href":"https:\/\/fadajedrez.com\/ajedrezalmeria\/wp-json\/wp\/v2\/posts\/4895","targetHints":{"allow":["GET"]}}],"collection":[{"href":"https:\/\/fadajedrez.com\/ajedrezalmeria\/wp-json\/wp\/v2\/posts"}],"about":[{"href":"https:\/\/fadajedrez.com\/ajedrezalmeria\/wp-json\/wp\/v2\/types\/post"}],"author":[{"embeddable":true,"href":"https:\/\/fadajedrez.com\/ajedrezalmeria\/wp-json\/wp\/v2\/users\/5"}],"replies":[{"embeddable":true,"href":"https:\/\/fadajedrez.com\/ajedrezalmeria\/wp-json\/wp\/v2\/comments?post=4895"}],"version-history":[{"count":4,"href":"https:\/\/fadajedrez.com\/ajedrezalmeria\/wp-json\/wp\/v2\/posts\/4895\/revisions"}],"predecessor-version":[{"id":4910,"href":"https:\/\/fadajedrez.com\/ajedrezalmeria\/wp-json\/wp\/v2\/posts\/4895\/revisions\/4910"}],"wp:featuredmedia":[{"embeddable":true,"href":"https:\/\/fadajedrez.com\/ajedrezalmeria\/wp-json\/wp\/v2\/media\/4897"}],"wp:attachment":[{"href":"https:\/\/fadajedrez.com\/ajedrezalmeria\/wp-json\/wp\/v2\/media?parent=4895"}],"wp:term":[{"taxonomy":"category","embeddable":true,"href":"https:\/\/fadajedrez.com\/ajedrezalmeria\/wp-json\/wp\/v2\/categories?post=4895"},{"taxonomy":"post_tag","embeddable":true,"href":"https:\/\/fadajedrez.com\/ajedrezalmeria\/wp-json\/wp\/v2\/tags?post=4895"}],"curies":[{"name":"wp","href":"https:\/\/api.w.org\/{rel}","templated":true}]}}