{"id":4744,"date":"2019-02-05T09:05:46","date_gmt":"2019-02-05T08:05:46","guid":{"rendered":"https:\/\/fadajedrez.com\/ajedrezalmeria\/?p=4744"},"modified":"2019-05-11T17:50:13","modified_gmt":"2019-05-11T15:50:13","slug":"francisco-merelo-y-laura-wang-campeon-y-campeona-provinciales-juveniles-2019","status":"publish","type":"post","link":"https:\/\/fadajedrez.com\/ajedrezalmeria\/2019\/02\/francisco-merelo-y-laura-wang-campeon-y-campeona-provinciales-juveniles-2019.html","title":{"rendered":"Francisco Merelo y Laura Wang campe\u00f3n y campeona provinciales juveniles 2019"},"content":{"rendered":"\n<p>Los d\u00edas 19 y 20 de enero se disput\u00f3 en el Centro de Exposiciones de Benahadux el Campeonato Provincial Juvenil de Almer\u00eda con la participaci\u00f3n de 39 jugadores.<\/p>\n\n\n\n<figure class=\"wp-block-image is-resized\"><a href=\"https:\/\/fadajedrez.com\/ajedrezalmeria\/wp-content\/uploads\/2019\/04\/20190120T195534.jpg\"><img loading=\"lazy\" decoding=\"async\" src=\"https:\/\/fadajedrez.com\/ajedrezalmeria\/wp-content\/uploads\/2019\/04\/20190120T195534.jpg\" alt=\"\" class=\"wp-image-4746\" width=\"768\" height=\"512\" srcset=\"https:\/\/fadajedrez.com\/ajedrezalmeria\/wp-content\/uploads\/2019\/04\/20190120T195534.jpg 1024w, https:\/\/fadajedrez.com\/ajedrezalmeria\/wp-content\/uploads\/2019\/04\/20190120T195534-300x200.jpg 300w, https:\/\/fadajedrez.com\/ajedrezalmeria\/wp-content\/uploads\/2019\/04\/20190120T195534-768x512.jpg 768w, https:\/\/fadajedrez.com\/ajedrezalmeria\/wp-content\/uploads\/2019\/04\/20190120T195534-500x333.jpg 500w\" sizes=\"auto, (max-width: 768px) 100vw, 768px\" \/><\/a><\/figure>\n\n\n\n<p>Proclam\u00e1ndose vencedor el jugador Francisco Merelo Garc\u00eda Club Ajedrez Roquetas con 5,5 puntos, seguido de Ciro Revaliente Montoya del Club Indalo con 4,4 puntos y tercero Juan Diego Sicilia Laino del Club Ajedrez Roquetas.<\/p>\n\n\n\n<p>En el apartado femenino, la campeona fue Laura Wang Qiu del Club de Ajedrez Indalo con 5 puntos, seguida de Aitana Portero Bravo y Yulia Valdivia Khudiakova, ambas con 3,5 puntos.<\/p>\n\n\n\n<p>Resultados y clasificaci\u00f3n: <a href=\"http:\/\/chess-results.com\/tnr406907.aspx?lan=2&amp;art=1&amp;rd=6\" target=\"_blank\" rel=\"noopener noreferrer\">www.chess-results.com<\/a><\/p>\n","protected":false},"excerpt":{"rendered":"<p>Los d\u00edas 19 y 20 de enero se disput\u00f3 en el Centro de Exposiciones de Benahadux el Campeonato Provincial Juvenil<\/p>\n","protected":false},"author":5,"featured_media":4746,"comment_status":"closed","ping_status":"closed","sticky":false,"template":"","format":"standard","meta":{"footnotes":""},"categories":[32,9],"tags":[],"class_list":["post-4744","post","type-post","status-publish","format-standard","has-post-thumbnail","hentry","category-juvenil","category-resultados"],"_links":{"self":[{"href":"https:\/\/fadajedrez.com\/ajedrezalmeria\/wp-json\/wp\/v2\/posts\/4744","targetHints":{"allow":["GET"]}}],"collection":[{"href":"https:\/\/fadajedrez.com\/ajedrezalmeria\/wp-json\/wp\/v2\/posts"}],"about":[{"href":"https:\/\/fadajedrez.com\/ajedrezalmeria\/wp-json\/wp\/v2\/types\/post"}],"author":[{"embeddable":true,"href":"https:\/\/fadajedrez.com\/ajedrezalmeria\/wp-json\/wp\/v2\/users\/5"}],"replies":[{"embeddable":true,"href":"https:\/\/fadajedrez.com\/ajedrezalmeria\/wp-json\/wp\/v2\/comments?post=4744"}],"version-history":[{"count":3,"href":"https:\/\/fadajedrez.com\/ajedrezalmeria\/wp-json\/wp\/v2\/posts\/4744\/revisions"}],"predecessor-version":[{"id":4748,"href":"https:\/\/fadajedrez.com\/ajedrezalmeria\/wp-json\/wp\/v2\/posts\/4744\/revisions\/4748"}],"wp:featuredmedia":[{"embeddable":true,"href":"https:\/\/fadajedrez.com\/ajedrezalmeria\/wp-json\/wp\/v2\/media\/4746"}],"wp:attachment":[{"href":"https:\/\/fadajedrez.com\/ajedrezalmeria\/wp-json\/wp\/v2\/media?parent=4744"}],"wp:term":[{"taxonomy":"category","embeddable":true,"href":"https:\/\/fadajedrez.com\/ajedrezalmeria\/wp-json\/wp\/v2\/categories?post=4744"},{"taxonomy":"post_tag","embeddable":true,"href":"https:\/\/fadajedrez.com\/ajedrezalmeria\/wp-json\/wp\/v2\/tags?post=4744"}],"curies":[{"name":"wp","href":"https:\/\/api.w.org\/{rel}","templated":true}]}}