{"id":389,"date":"2011-04-04T19:28:00","date_gmt":"2011-04-04T17:28:00","guid":{"rendered":"http:\/\/fadajedrez.com\/ajedrezalmeria\/circuito-provincial-de-ajedrez-2011"},"modified":"2015-07-05T23:49:20","modified_gmt":"2015-07-05T21:49:20","slug":"circuito-provincial-de-ajedrez-2011","status":"publish","type":"post","link":"https:\/\/fadajedrez.com\/ajedrezalmeria\/2011\/04\/circuito-provincial-de-ajedrez-2011.html","title":{"rendered":"Circuito Provincial de Ajedrez 2011-sede-Gua\u00ednos Bajos"},"content":{"rendered":"<p>Este s\u00e1bado 9 de Abril, ser\u00e1 la \u00faltima cita de las 3 que han compuesto  el Circuito Escolar Provincial, este a\u00f1o organizado \u00fanica y  exclusivamente por la Delegaci\u00f3n Almeriense de Ajedrez en colaboraci\u00f3n  con los tres Ayuntamientos que han sido sede en cada una de las  jornadas: Roquetas, Dalias y Adra.<\/p>\n<p>La \u00faltima sede ser\u00e1 en el Centro Social de la pedan\u00eda abderitana de  Gua\u00ednos Bajos, localidad situada en la misma costa y que sigue a  continuaci\u00f3n de Adra en direcci\u00f3n Oeste.<br \/>Para llegar a Gua\u00ednos Bajos hay que coger la \u00faltima salida de autov\u00eda de  la provincia de Almer\u00eda, cogiendo el desv\u00edo hacia Gua\u00ednos Bajos. Luego  hay que recorrer el pueblo un poco m\u00e1s de la mitad hasta encontrar la  parada del autob\u00fas, all\u00ed situado en la orilla del r\u00edo est\u00e1 el Centro  Social, junto a la ermita del pueblo.<\/p>\n<p>En cuanto a la competici\u00f3n, ser\u00e1 en esta sede d\u00f3nde conozcamos los  campeones de cada categor\u00eda. Siendo actualmente los l\u00edderes los  favoritos para conseguir dicho t\u00edtulo. La marea roja almeriense vuelve a  desplazarse, este a\u00f1o por \u00faltima vez demostrando la fuerza que tienen  dentro del panorama andaluz.<\/p>\n<div style=\"text-align: center;\"><a href=\"http:\/\/chess-results.com\/tnr44300.aspx?art=28&amp;lan=2&amp;m=-1&amp;wi=1000\">CLASIFICACIONES<\/a><\/p>\n<p>Noticia de Javi Garrido recogida en su <a href=\"http:\/\/ajedrezalmeriense.blogspot.com\/2011\/04\/este-sabado-dia-9-ultima-cita-del.html\">blogs<\/a><\/div>\n","protected":false},"excerpt":{"rendered":"<p>Este s\u00e1bado 9 de Abril, ser\u00e1 la \u00faltima cita de las 3 que han compuesto el Circuito Escolar Provincial, este<\/p>\n","protected":false},"author":5,"featured_media":0,"comment_status":"open","ping_status":"open","sticky":false,"template":"","format":"standard","meta":{"footnotes":""},"categories":[1],"tags":[],"class_list":["post-389","post","type-post","status-publish","format-standard","hentry","category-otras-noticias"],"_links":{"self":[{"href":"https:\/\/fadajedrez.com\/ajedrezalmeria\/wp-json\/wp\/v2\/posts\/389","targetHints":{"allow":["GET"]}}],"collection":[{"href":"https:\/\/fadajedrez.com\/ajedrezalmeria\/wp-json\/wp\/v2\/posts"}],"about":[{"href":"https:\/\/fadajedrez.com\/ajedrezalmeria\/wp-json\/wp\/v2\/types\/post"}],"author":[{"embeddable":true,"href":"https:\/\/fadajedrez.com\/ajedrezalmeria\/wp-json\/wp\/v2\/users\/5"}],"replies":[{"embeddable":true,"href":"https:\/\/fadajedrez.com\/ajedrezalmeria\/wp-json\/wp\/v2\/comments?post=389"}],"version-history":[{"count":1,"href":"https:\/\/fadajedrez.com\/ajedrezalmeria\/wp-json\/wp\/v2\/posts\/389\/revisions"}],"predecessor-version":[{"id":1445,"href":"https:\/\/fadajedrez.com\/ajedrezalmeria\/wp-json\/wp\/v2\/posts\/389\/revisions\/1445"}],"wp:attachment":[{"href":"https:\/\/fadajedrez.com\/ajedrezalmeria\/wp-json\/wp\/v2\/media?parent=389"}],"wp:term":[{"taxonomy":"category","embeddable":true,"href":"https:\/\/fadajedrez.com\/ajedrezalmeria\/wp-json\/wp\/v2\/categories?post=389"},{"taxonomy":"post_tag","embeddable":true,"href":"https:\/\/fadajedrez.com\/ajedrezalmeria\/wp-json\/wp\/v2\/tags?post=389"}],"curies":[{"name":"wp","href":"https:\/\/api.w.org\/{rel}","templated":true}]}}