{"id":3870,"date":"2018-01-31T23:00:27","date_gmt":"2018-01-31T22:00:27","guid":{"rendered":"http:\/\/fadajedrez.com\/ajedrezalmeria\/?p=3870"},"modified":"2018-02-01T06:33:39","modified_gmt":"2018-02-01T05:33:39","slug":"comunicado-de-la-fada-de-cambios-en-las-delegaciones-de-almeria-y-jaen","status":"publish","type":"post","link":"https:\/\/fadajedrez.com\/ajedrezalmeria\/2018\/01\/comunicado-de-la-fada-de-cambios-en-las-delegaciones-de-almeria-y-jaen.html","title":{"rendered":"Comunicado de la FADA de cambios en las Delegaciones de Almer\u00eda y Ja\u00e9n"},"content":{"rendered":"<p>La Federaci\u00f3n Andaluza de Ajedrez ha publicado en su <a href=\"http:\/\/www.fadajedrez.com\/index.php\/component\/k2\/item\/290-cambios-en-las-delegaciones-de-almeria-y-jaen\" rel=\"noopener\" target=\"_blank\">p\u00e1gina web <\/a>el siguiente comunicado:<br \/>\n<em><br \/>\n\u00abTras el proceso electoral provincial del a\u00f1o pasado no hubo ninguna candidatura a delegado provincial en Ja\u00e9n, por lo que la FADA tuvo que asumir la gesti\u00f3n de dicha delegaci\u00f3n.  En estos d\u00edas se nos ha presentado la candidatura de D. Adrian Mercado Larrea, el cual ha sido nombrado delegado provincial de Ja\u00e9n con fecha 25 de enero.<\/p>\n<p>En la delegaci\u00f3n almeriense ha dimitido su delegado provincial, D. Bernardo Guti\u00e9rrez Ripoll, por lo que asume el funcionamiento de la delegaci\u00f3n una gestora, presidida por su vicedelegado, D. David Cabrera Rodr\u00edguez. En el mes de mayo se proceder\u00e1 a iniciar el proceso electoral para designar un nuevo delegado provincial.\u00bb<\/em><\/p>\n","protected":false},"excerpt":{"rendered":"<p>La Federaci\u00f3n Andaluza de Ajedrez ha publicado en su p\u00e1gina web el siguiente comunicado: \u00abTras el proceso electoral provincial del<\/p>\n","protected":false},"author":5,"featured_media":2447,"comment_status":"closed","ping_status":"closed","sticky":false,"template":"","format":"standard","meta":{"footnotes":""},"categories":[18,42,41],"tags":[],"class_list":["post-3870","post","type-post","status-publish","format-standard","has-post-thumbnail","hentry","category-novedades","category-delegacion","category-fada"],"_links":{"self":[{"href":"https:\/\/fadajedrez.com\/ajedrezalmeria\/wp-json\/wp\/v2\/posts\/3870","targetHints":{"allow":["GET"]}}],"collection":[{"href":"https:\/\/fadajedrez.com\/ajedrezalmeria\/wp-json\/wp\/v2\/posts"}],"about":[{"href":"https:\/\/fadajedrez.com\/ajedrezalmeria\/wp-json\/wp\/v2\/types\/post"}],"author":[{"embeddable":true,"href":"https:\/\/fadajedrez.com\/ajedrezalmeria\/wp-json\/wp\/v2\/users\/5"}],"replies":[{"embeddable":true,"href":"https:\/\/fadajedrez.com\/ajedrezalmeria\/wp-json\/wp\/v2\/comments?post=3870"}],"version-history":[{"count":2,"href":"https:\/\/fadajedrez.com\/ajedrezalmeria\/wp-json\/wp\/v2\/posts\/3870\/revisions"}],"predecessor-version":[{"id":3872,"href":"https:\/\/fadajedrez.com\/ajedrezalmeria\/wp-json\/wp\/v2\/posts\/3870\/revisions\/3872"}],"wp:featuredmedia":[{"embeddable":true,"href":"https:\/\/fadajedrez.com\/ajedrezalmeria\/wp-json\/wp\/v2\/media\/2447"}],"wp:attachment":[{"href":"https:\/\/fadajedrez.com\/ajedrezalmeria\/wp-json\/wp\/v2\/media?parent=3870"}],"wp:term":[{"taxonomy":"category","embeddable":true,"href":"https:\/\/fadajedrez.com\/ajedrezalmeria\/wp-json\/wp\/v2\/categories?post=3870"},{"taxonomy":"post_tag","embeddable":true,"href":"https:\/\/fadajedrez.com\/ajedrezalmeria\/wp-json\/wp\/v2\/tags?post=3870"}],"curies":[{"name":"wp","href":"https:\/\/api.w.org\/{rel}","templated":true}]}}