{"id":377,"date":"2011-06-21T19:31:00","date_gmt":"2011-06-21T17:31:00","guid":{"rendered":"http:\/\/fadajedrez.com\/ajedrezalmeria\/campeonato-de-espana-infantil-y-cadete"},"modified":"2015-07-05T23:49:20","modified_gmt":"2015-07-05T21:49:20","slug":"campeonato-de-espana-infantil-y-cadete","status":"publish","type":"post","link":"https:\/\/fadajedrez.com\/ajedrezalmeria\/2011\/06\/campeonato-de-espana-infantil-y-cadete.html","title":{"rendered":"CAMPEONATO DE ESPA\u00d1A INFANTIL Y CADETE DE AJEDREZ"},"content":{"rendered":"<div style=\"text-align: center;\">Este a\u00f1o tenemos dos representantes en los Campeonatos de Espa\u00f1a Infantil y Cadete que se van a disputar en Pamplona este fin de semana.<\/p>\n<p><a href=\"http:\/\/www.feda.org\/campeonatos_detall.php?id=91&amp;campeonato=Campeonato%20de%20Espa%F1a%20de%20Selecciones%20Auton%F3micas%20Infantil\">SEGUIR LA COMPETICI\u00d3N<\/a><\/div>\n<div style=\"text-align: center;\"><a onblur=\"try {parent.deselectBloggerImageGracefully();} catch(e) {}\" href=\"http:\/\/1.bp.blogspot.com\/-FWQzRen-bj0\/TgDx083bPuI\/AAAAAAAAAxk\/Nnr-KIs5Mvg\/s1600\/Mar%25C3%25ADa%2BOrtega%2BFern%25C3%25A1ndez.JPG\"><img decoding=\"async\" style=\"display: block; margin: 0px auto 10px; text-align: center; cursor: pointer; width: 240px; height: 320px;\" src=\"http:\/\/fadajedrez.com\/ajedrezalmeria\/wp-content\/uploads\/2011\/06\/Mar%C3%ADa-Ortega-Fern%C3%A1ndez.jpg\" alt=\"\" id=\"BLOGGER_PHOTO_ID_5620758226952470242\" border=\"0\" \/><\/a>MARIA ORTEGA FERNANDEZ<\/p>\n<\/div>\n<p><\/p>\n<div style=\"text-align: center;\"><a onblur=\"try {parent.deselectBloggerImageGracefully();} catch(e) {}\" href=\"http:\/\/2.bp.blogspot.com\/-q-l2y532Umg\/TgDxugsJ1LI\/AAAAAAAAAxc\/Z_CT-2i58T8\/s1600\/Rafael%2BConejo%2BS%25C3%25A1nchez.JPG\"><img decoding=\"async\" style=\"display: block; margin: 0px auto 10px; text-align: center; cursor: pointer; width: 240px; height: 320px;\" src=\"http:\/\/fadajedrez.com\/ajedrezalmeria\/wp-content\/uploads\/2011\/06\/Rafael-Conejo-S%C3%A1nchez.jpg\" alt=\"\" id=\"BLOGGER_PHOTO_ID_5620758116309783730\" border=\"0\" \/><\/a>RAFAEL CONEJO SANCHEZ<\/p>\n<p>Esta competici\u00f3n se juega Por Equipos, los almerienses formar\u00e1n parte de la selecci\u00f3n Andaluza.<\/p>\n<p>SUERTE \u00a1\u00a1\u00a1\u00a1\u00a1<\/p>\n<p><a href=\"http:\/\/feda.org\/descargas\/cadete_2011.pdf\">LISTADO DE JUGADORES <\/a><\/div>\n","protected":false},"excerpt":{"rendered":"<p>Este a\u00f1o tenemos dos representantes en los Campeonatos de Espa\u00f1a Infantil y Cadete que se van a disputar en Pamplona<\/p>\n","protected":false},"author":5,"featured_media":1416,"comment_status":"open","ping_status":"open","sticky":false,"template":"","format":"standard","meta":{"footnotes":""},"categories":[1],"tags":[],"class_list":["post-377","post","type-post","status-publish","format-standard","has-post-thumbnail","hentry","category-otras-noticias"],"_links":{"self":[{"href":"https:\/\/fadajedrez.com\/ajedrezalmeria\/wp-json\/wp\/v2\/posts\/377","targetHints":{"allow":["GET"]}}],"collection":[{"href":"https:\/\/fadajedrez.com\/ajedrezalmeria\/wp-json\/wp\/v2\/posts"}],"about":[{"href":"https:\/\/fadajedrez.com\/ajedrezalmeria\/wp-json\/wp\/v2\/types\/post"}],"author":[{"embeddable":true,"href":"https:\/\/fadajedrez.com\/ajedrezalmeria\/wp-json\/wp\/v2\/users\/5"}],"replies":[{"embeddable":true,"href":"https:\/\/fadajedrez.com\/ajedrezalmeria\/wp-json\/wp\/v2\/comments?post=377"}],"version-history":[{"count":1,"href":"https:\/\/fadajedrez.com\/ajedrezalmeria\/wp-json\/wp\/v2\/posts\/377\/revisions"}],"predecessor-version":[{"id":1418,"href":"https:\/\/fadajedrez.com\/ajedrezalmeria\/wp-json\/wp\/v2\/posts\/377\/revisions\/1418"}],"wp:featuredmedia":[{"embeddable":true,"href":"https:\/\/fadajedrez.com\/ajedrezalmeria\/wp-json\/wp\/v2\/media\/1416"}],"wp:attachment":[{"href":"https:\/\/fadajedrez.com\/ajedrezalmeria\/wp-json\/wp\/v2\/media?parent=377"}],"wp:term":[{"taxonomy":"category","embeddable":true,"href":"https:\/\/fadajedrez.com\/ajedrezalmeria\/wp-json\/wp\/v2\/categories?post=377"},{"taxonomy":"post_tag","embeddable":true,"href":"https:\/\/fadajedrez.com\/ajedrezalmeria\/wp-json\/wp\/v2\/tags?post=377"}],"curies":[{"name":"wp","href":"https:\/\/api.w.org\/{rel}","templated":true}]}}