{"id":3555,"date":"2017-08-08T10:23:12","date_gmt":"2017-08-08T08:23:12","guid":{"rendered":"http:\/\/fadajedrez.com\/ajedrezalmeria\/?p=3555"},"modified":"2017-09-07T10:11:48","modified_gmt":"2017-09-07T08:11:48","slug":"ana-redondo-campeona-de-espana-sub18-segunda-sub16-y-tercera-sub18-rapido","status":"publish","type":"post","link":"https:\/\/fadajedrez.com\/ajedrezalmeria\/2017\/08\/ana-redondo-campeona-de-espana-sub18-segunda-sub16-y-tercera-sub18-rapido.html","title":{"rendered":"Ana Redondo Campeona de Espa\u00f1a sub18, segunda sub16 y tercera sub18 r\u00e1pido"},"content":{"rendered":"<p><a href=\"http:\/\/fadajedrez.com\/ajedrezalmeria\/wp-content\/uploads\/2017\/09\/nac1801.jpg\"><img loading=\"lazy\" decoding=\"async\" class=\"alignnone size-large wp-image-3602\" src=\"http:\/\/fadajedrez.com\/ajedrezalmeria\/wp-content\/uploads\/2017\/09\/nac1801-500x333.jpg\" alt=\"\" width=\"500\" height=\"333\" srcset=\"https:\/\/fadajedrez.com\/ajedrezalmeria\/wp-content\/uploads\/2017\/09\/nac1801-500x333.jpg 500w, https:\/\/fadajedrez.com\/ajedrezalmeria\/wp-content\/uploads\/2017\/09\/nac1801-300x200.jpg 300w, https:\/\/fadajedrez.com\/ajedrezalmeria\/wp-content\/uploads\/2017\/09\/nac1801-768x512.jpg 768w, https:\/\/fadajedrez.com\/ajedrezalmeria\/wp-content\/uploads\/2017\/09\/nac1801.jpg 800w\" sizes=\"auto, (max-width: 500px) 100vw, 500px\" \/><\/a><\/p>\n<p>Ana Redondo Benavente ha ganado el Campeonato de Espa\u00f1a Femenino de Ajedrez Juvenil, quedando subcampeona femenina en en Campeonato Cadete y tercera en el Campeonato de Espa\u00f1a Femenino Juvenil de r\u00e1pidas que han tenido lugar en Salobre\u00f1a (Granada).<\/p>\n<p>La jugadora almeriense empez\u00f3 la competici\u00f3n el 24 de julio, disputando el Campeonato Cadete obteniendo un buen resultado con 6 puntos de 9 posibles pero el desempate con la campeona le releg\u00f3 al segundo puesto.<br \/>\nEn el Campeonato Juvenil a pesar de ser una categor\u00eda superior a su edad hizo un buen torneo y esta vez el desempate le favoreci\u00f3 obteniendo el t\u00edtulo de Campeona. El broche lo puso su tercer puesto en el juvenil de r\u00e1pidas.<\/p>\n<p><a href=\"http:\/\/fadajedrez.com\/ajedrezalmeria\/wp-content\/uploads\/2017\/08\/nac_sub16.jpg\"><img loading=\"lazy\" decoding=\"async\" class=\"alignnone size-large wp-image-3606\" src=\"http:\/\/fadajedrez.com\/ajedrezalmeria\/wp-content\/uploads\/2017\/08\/nac_sub16-500x333.jpg\" alt=\"\" width=\"500\" height=\"333\" srcset=\"https:\/\/fadajedrez.com\/ajedrezalmeria\/wp-content\/uploads\/2017\/08\/nac_sub16-500x333.jpg 500w, https:\/\/fadajedrez.com\/ajedrezalmeria\/wp-content\/uploads\/2017\/08\/nac_sub16-300x200.jpg 300w, https:\/\/fadajedrez.com\/ajedrezalmeria\/wp-content\/uploads\/2017\/08\/nac_sub16-768x512.jpg 768w, https:\/\/fadajedrez.com\/ajedrezalmeria\/wp-content\/uploads\/2017\/08\/nac_sub16.jpg 2048w\" sizes=\"auto, (max-width: 500px) 100vw, 500px\" \/><\/a><\/p>\n<p>En el Campeonato Sub 16 (juvenil), tambi\u00e9n han participado los siguientes almerienses:<\/p>\n<table>\n<tbody>\n<tr>\n<td width=\"15\"><strong>Pos.<\/strong><\/td>\n<td width=\"250\"><strong>Nombre<\/strong><\/td>\n<td width=\"48\"><strong>Pts.<\/strong><\/td>\n<\/tr>\n<tr>\n<td>19<\/td>\n<td>Redondo Benavente, Ana<\/td>\n<td>6<\/td>\n<\/tr>\n<tr>\n<td>29<\/td>\n<td>Merelo Garcia, Francisco<\/td>\n<td>5,5<\/td>\n<\/tr>\n<tr>\n<td>63<\/td>\n<td>Clemente Chen, Alfredo<\/td>\n<td>4,5<\/td>\n<\/tr>\n<\/tbody>\n<\/table>\n<p>El\u00a0 Campeonato de Espa\u00f1a Sub 16 de R\u00e1pidas se disput\u00f3 la tarde del s\u00e1bado y la ma\u00f1ana del domingo 30 de julio y los siguientes resultados para los almerienses que jugaron:<\/p>\n<table>\n<tbody>\n<tr>\n<td width=\"15\"><strong>Pos.<\/strong><\/td>\n<td width=\"250\"><strong>Nombre<\/strong><\/td>\n<td width=\"48\"><strong>Pts.<\/strong><\/td>\n<\/tr>\n<tr>\n<td>31<\/td>\n<td>Merelo Garcia, Francisco<\/td>\n<td>5<\/td>\n<\/tr>\n<tr>\n<td>32<\/td>\n<td>Redondo Benavente, Ana<\/td>\n<td>5<\/td>\n<\/tr>\n<tr>\n<td>42<\/td>\n<td>Clemente Chen, Alfredo<\/td>\n<td>4,5<\/td>\n<\/tr>\n<\/tbody>\n<\/table>\n<p>Desde la Delegaci\u00f3n Almeriense y en representaci\u00f3n del ajedrez de nuestra provincia se ha felicitado a Ana, padres, monitor y Club Reverte Minerals por estos \u00e9xitos.<\/p>\n","protected":false},"excerpt":{"rendered":"<p>Ana Redondo Benavente ha ganado el Campeonato de Espa\u00f1a Femenino de Ajedrez Juvenil, quedando subcampeona femenina en en Campeonato Cadete<\/p>\n","protected":false},"author":5,"featured_media":3602,"comment_status":"closed","ping_status":"closed","sticky":false,"template":"","format":"standard","meta":{"footnotes":""},"categories":[18,25,26,9],"tags":[],"class_list":["post-3555","post","type-post","status-publish","format-standard","has-post-thumbnail","hentry","category-novedades","category-nacional","category-nacional-edades","category-resultados"],"_links":{"self":[{"href":"https:\/\/fadajedrez.com\/ajedrezalmeria\/wp-json\/wp\/v2\/posts\/3555","targetHints":{"allow":["GET"]}}],"collection":[{"href":"https:\/\/fadajedrez.com\/ajedrezalmeria\/wp-json\/wp\/v2\/posts"}],"about":[{"href":"https:\/\/fadajedrez.com\/ajedrezalmeria\/wp-json\/wp\/v2\/types\/post"}],"author":[{"embeddable":true,"href":"https:\/\/fadajedrez.com\/ajedrezalmeria\/wp-json\/wp\/v2\/users\/5"}],"replies":[{"embeddable":true,"href":"https:\/\/fadajedrez.com\/ajedrezalmeria\/wp-json\/wp\/v2\/comments?post=3555"}],"version-history":[{"count":7,"href":"https:\/\/fadajedrez.com\/ajedrezalmeria\/wp-json\/wp\/v2\/posts\/3555\/revisions"}],"predecessor-version":[{"id":3607,"href":"https:\/\/fadajedrez.com\/ajedrezalmeria\/wp-json\/wp\/v2\/posts\/3555\/revisions\/3607"}],"wp:featuredmedia":[{"embeddable":true,"href":"https:\/\/fadajedrez.com\/ajedrezalmeria\/wp-json\/wp\/v2\/media\/3602"}],"wp:attachment":[{"href":"https:\/\/fadajedrez.com\/ajedrezalmeria\/wp-json\/wp\/v2\/media?parent=3555"}],"wp:term":[{"taxonomy":"category","embeddable":true,"href":"https:\/\/fadajedrez.com\/ajedrezalmeria\/wp-json\/wp\/v2\/categories?post=3555"},{"taxonomy":"post_tag","embeddable":true,"href":"https:\/\/fadajedrez.com\/ajedrezalmeria\/wp-json\/wp\/v2\/tags?post=3555"}],"curies":[{"name":"wp","href":"https:\/\/api.w.org\/{rel}","templated":true}]}}