{"id":340,"date":"2011-10-23T19:14:00","date_gmt":"2011-10-23T17:14:00","guid":{"rendered":"http:\/\/fadajedrez.com\/ajedrezalmeria\/canal-sur-nos-graba"},"modified":"2015-07-05T23:49:18","modified_gmt":"2015-07-05T21:49:18","slug":"canal-sur-nos-graba","status":"publish","type":"post","link":"https:\/\/fadajedrez.com\/ajedrezalmeria\/2011\/10\/canal-sur-nos-graba.html","title":{"rendered":"CANAL SUR  NOS GRABA \u00a1\u00a1\u00a1\u00a1\u00a1\u00a1\u00a1\u00a1\u00a1"},"content":{"rendered":"<div style=\"text-align: center;\"><a onblur=\"try {parent.deselectBloggerImageGracefully();} catch(e) {}\" href=\"http:\/\/1.bp.blogspot.com\/-luBgc6U5QHs\/TqRn9N3u5PI\/AAAAAAAAA5s\/9BMYmtUzna0\/s1600\/prepsegunda.JPG\"><img decoding=\"async\" style=\"display: block; margin: 0px auto 10px; text-align: center; cursor: pointer; width: 320px; height: 240px;\" src=\"http:\/\/fadajedrez.com\/ajedrezalmeria\/wp-content\/uploads\/2011\/10\/prepsegunda.jpg\" alt=\"\" id=\"BLOGGER_PHOTO_ID_5666768532532028658\" border=\"0\" \/><\/a>Sergio Rodr\u00edguez, Mar\u00eda Ortega, Nacho Fern\u00e1ndez y Mar\u00eda Guti\u00e9rrez son los protagonista de la grabaci\u00f3n para el programa \u00abEl club de las ideas\u00bb.<\/p>\n<\/div>\n<p><\/p>\n<div style=\"text-align: center;\"><a onblur=\"try {parent.deselectBloggerImageGracefully();} catch(e) {}\" href=\"http:\/\/1.bp.blogspot.com\/-5jYdTxOJtJw\/TqRnwxS_doI\/AAAAAAAAA5g\/IraAUyNKFQI\/s1600\/primeraescena.JPG\"><img decoding=\"async\" style=\"display: block; margin: 0px auto 10px; text-align: center; cursor: pointer; width: 320px; height: 240px;\" src=\"http:\/\/fadajedrez.com\/ajedrezalmeria\/wp-content\/uploads\/2011\/10\/primeraescena.jpg\" alt=\"\" id=\"BLOGGER_PHOTO_ID_5666768318703302274\" border=\"0\" \/><\/a><\/div>\n<div style=\"text-align: center;\">Hablan del ajedrez y de la historia de la  Alcazaba entrelazando ambos mundo.<br \/>Cuando tenga fecha de emisi\u00f3n, ya lo publicaremos .<br \/>Mientras tanto tenemos est\u00e1s foto realizada por Javier Garrido,  que tambi\u00e9n tiene una peque\u00f1a aparici\u00f3n en la grabaci\u00f3n.<\/p>\n<p><\/div>\n","protected":false},"excerpt":{"rendered":"<p>Sergio Rodr\u00edguez, Mar\u00eda Ortega, Nacho Fern\u00e1ndez y Mar\u00eda Guti\u00e9rrez son los protagonista de la grabaci\u00f3n para el programa \u00abEl club<\/p>\n","protected":false},"author":5,"featured_media":1339,"comment_status":"open","ping_status":"open","sticky":false,"template":"","format":"standard","meta":{"footnotes":""},"categories":[1],"tags":[],"class_list":["post-340","post","type-post","status-publish","format-standard","has-post-thumbnail","hentry","category-otras-noticias"],"_links":{"self":[{"href":"https:\/\/fadajedrez.com\/ajedrezalmeria\/wp-json\/wp\/v2\/posts\/340","targetHints":{"allow":["GET"]}}],"collection":[{"href":"https:\/\/fadajedrez.com\/ajedrezalmeria\/wp-json\/wp\/v2\/posts"}],"about":[{"href":"https:\/\/fadajedrez.com\/ajedrezalmeria\/wp-json\/wp\/v2\/types\/post"}],"author":[{"embeddable":true,"href":"https:\/\/fadajedrez.com\/ajedrezalmeria\/wp-json\/wp\/v2\/users\/5"}],"replies":[{"embeddable":true,"href":"https:\/\/fadajedrez.com\/ajedrezalmeria\/wp-json\/wp\/v2\/comments?post=340"}],"version-history":[{"count":1,"href":"https:\/\/fadajedrez.com\/ajedrezalmeria\/wp-json\/wp\/v2\/posts\/340\/revisions"}],"predecessor-version":[{"id":1341,"href":"https:\/\/fadajedrez.com\/ajedrezalmeria\/wp-json\/wp\/v2\/posts\/340\/revisions\/1341"}],"wp:featuredmedia":[{"embeddable":true,"href":"https:\/\/fadajedrez.com\/ajedrezalmeria\/wp-json\/wp\/v2\/media\/1339"}],"wp:attachment":[{"href":"https:\/\/fadajedrez.com\/ajedrezalmeria\/wp-json\/wp\/v2\/media?parent=340"}],"wp:term":[{"taxonomy":"category","embeddable":true,"href":"https:\/\/fadajedrez.com\/ajedrezalmeria\/wp-json\/wp\/v2\/categories?post=340"},{"taxonomy":"post_tag","embeddable":true,"href":"https:\/\/fadajedrez.com\/ajedrezalmeria\/wp-json\/wp\/v2\/tags?post=340"}],"curies":[{"name":"wp","href":"https:\/\/api.w.org\/{rel}","templated":true}]}}