{"id":301,"date":"2012-02-19T07:43:00","date_gmt":"2012-02-19T06:43:00","guid":{"rendered":"http:\/\/fadajedrez.com\/ajedrezalmeria\/clasificaciones-del-circuito-escolar"},"modified":"2016-01-10T22:16:57","modified_gmt":"2016-01-10T21:16:57","slug":"clasificaciones-del-circuito-escolar","status":"publish","type":"post","link":"https:\/\/fadajedrez.com\/ajedrezalmeria\/2012\/02\/clasificaciones-del-circuito-escolar.html","title":{"rendered":"CLASIFICACIONES DEL CIRCUITO ESCOLAR PROVINCIAL TRAS EL EJIDO"},"content":{"rendered":"<p><a href=\"http:\/\/1.bp.blogspot.com\/-LL082phWHSU\/T0CoG3wP6VI\/AAAAAAAABCg\/TqMM3kUk0ho\/s1600\/pird.jpg\" style=\"font-family: Georgia, serif; font-size: 100%; line-height: normal; font-weight: normal; \"><img decoding=\"async\" style=\"display:block; margin:0px auto 10px; text-align:center;cursor:pointer; cursor:hand;width: 320px; height: 240px;\" src=\"http:\/\/fadajedrez.com\/ajedrezalmeria\/wp-content\/uploads\/2012\/02\/pird.jpg\" border=\"0\" alt=\"\" id=\"BLOGGER_PHOTO_ID_5710749163504789842\" \/><\/a>La pr\u00f3xima cita ser\u00e1 la \u00faltima, ya ser\u00e1 el pr\u00f3ximo 24 de Marzo, ya que la competici\u00f3n debe pararse, debido a la celebraci\u00f3n del campeonato Por Edades, d\u00f3nde se deciden a los campeones provinciales, que representar\u00e1n a Almer\u00eda en los campeonatos de Andaluc\u00eda. El que quiera optar a ello, ya sabe, que se apunte al por edades&#8230;<\/p>\n<div><\/p>\n<div style=\"font-family: Georgia, serif; font-size: 100%; line-height: normal; \">M\u00e1s informaci\u00f3n . ajevicar@gmail.com, o telf- 606364479 ( David)<br style=\"font-family: Georgia, Utopia, 'Palatino Linotype', Palatino, serif; font-size: 17px; line-height: 27px; background-color: rgb(252, 229, 205); \">Os dejo <a href=\"http:\/\/chess-results.com\/tnr65004.aspx?art=1&amp;lan=2&amp;fedb=CAS&amp;fed=ROQ\" style=\"font-weight: normal; color: rgb(97, 49, 189); text-decoration: none; font-family: Georgia, Utopia, 'Palatino Linotype', Palatino, serif; font-size: 17px; line-height: 27px; background-color: rgb(252, 229, 205); \">CLASIFICACI\u00d3N Y RESULTADOS<\/a><br style=\"font-family: Georgia, Utopia, 'Palatino Linotype', Palatino, serif; font-size: 17px; line-height: 27px; background-color: rgb(252, 229, 205); \"><br style=\"font-family: Georgia, Utopia, 'Palatino Linotype', Palatino, serif; font-size: 17px; line-height: 27px; background-color: rgb(252, 229, 205); \">En el Por Equipos, os dejo las clasificaciones:<\/div>\n<div style=\"font-family: Georgia, serif; font-size: 100%; line-height: normal; \"><br style=\"font-family: Georgia, Utopia, 'Palatino Linotype', Palatino, serif; font-size: 17px; line-height: 27px; background-color: rgb(252, 229, 205); \"><b>PREBENJAMIN<\/b><br style=\"font-family: Georgia, Utopia, 'Palatino Linotype', Palatino, serif; font-size: 17px; line-height: 27px; background-color: rgb(252, 229, 205); \">1\u00ba Roquetas 21 puntos, 2\u00ba Agave 19 y 3\u00ba Mar Mediterr\u00e1neo con 16,5 puntos<br style=\"font-family: Georgia, Utopia, 'Palatino Linotype', Palatino, serif; font-size: 17px; line-height: 27px; background-color: rgb(252, 229, 205); \"><b>BENJAMIN<\/b><br style=\"font-family: Georgia, Utopia, 'Palatino Linotype', Palatino, serif; font-size: 17px; line-height: 27px; background-color: rgb(252, 229, 205); \">1\u00ba Roquetas 24 puntos, 2\u00ba Agave 20 y 3\u00ba V\u00edcar con 19 puntos<br style=\"font-family: Georgia, Utopia, 'Palatino Linotype', Palatino, serif; font-size: 17px; line-height: 27px; background-color: rgb(252, 229, 205); \"><b>ALEVIN<\/b><br style=\"font-family: Georgia, Utopia, 'Palatino Linotype', Palatino, serif; font-size: 17px; line-height: 27px; background-color: rgb(252, 229, 205); \">1\u00ba V\u00edcar 24,5 puntos, 2\u00ba Roquetas 19 y 3\u00ba Ejido con 18 puntos<br style=\"font-family: Georgia, Utopia, 'Palatino Linotype', Palatino, serif; font-size: 17px; line-height: 27px; background-color: rgb(252, 229, 205); \"><b>JUVENIL<\/b><br style=\"font-family: Georgia, Utopia, 'Palatino Linotype', Palatino, serif; font-size: 17px; line-height: 27px; background-color: rgb(252, 229, 205); \">1\u00ba Circulo Mercantil 20 puntos, 2\u00ba Roquetas y V\u00edcar con 16 puntos <\/div>\n<\/div>\n","protected":false},"excerpt":{"rendered":"<p>La pr\u00f3xima cita ser\u00e1 la \u00faltima, ya ser\u00e1 el pr\u00f3ximo 24 de Marzo, ya que la competici\u00f3n debe pararse, debido<\/p>\n","protected":false},"author":5,"featured_media":1263,"comment_status":"open","ping_status":"open","sticky":false,"template":"","format":"standard","meta":{"footnotes":""},"categories":[43,20],"tags":[],"class_list":["post-301","post","type-post","status-publish","format-standard","has-post-thumbnail","hentry","category-circuitoescolat","category-escolar-promocion"],"_links":{"self":[{"href":"https:\/\/fadajedrez.com\/ajedrezalmeria\/wp-json\/wp\/v2\/posts\/301","targetHints":{"allow":["GET"]}}],"collection":[{"href":"https:\/\/fadajedrez.com\/ajedrezalmeria\/wp-json\/wp\/v2\/posts"}],"about":[{"href":"https:\/\/fadajedrez.com\/ajedrezalmeria\/wp-json\/wp\/v2\/types\/post"}],"author":[{"embeddable":true,"href":"https:\/\/fadajedrez.com\/ajedrezalmeria\/wp-json\/wp\/v2\/users\/5"}],"replies":[{"embeddable":true,"href":"https:\/\/fadajedrez.com\/ajedrezalmeria\/wp-json\/wp\/v2\/comments?post=301"}],"version-history":[{"count":1,"href":"https:\/\/fadajedrez.com\/ajedrezalmeria\/wp-json\/wp\/v2\/posts\/301\/revisions"}],"predecessor-version":[{"id":1264,"href":"https:\/\/fadajedrez.com\/ajedrezalmeria\/wp-json\/wp\/v2\/posts\/301\/revisions\/1264"}],"wp:featuredmedia":[{"embeddable":true,"href":"https:\/\/fadajedrez.com\/ajedrezalmeria\/wp-json\/wp\/v2\/media\/1263"}],"wp:attachment":[{"href":"https:\/\/fadajedrez.com\/ajedrezalmeria\/wp-json\/wp\/v2\/media?parent=301"}],"wp:term":[{"taxonomy":"category","embeddable":true,"href":"https:\/\/fadajedrez.com\/ajedrezalmeria\/wp-json\/wp\/v2\/categories?post=301"},{"taxonomy":"post_tag","embeddable":true,"href":"https:\/\/fadajedrez.com\/ajedrezalmeria\/wp-json\/wp\/v2\/tags?post=301"}],"curies":[{"name":"wp","href":"https:\/\/api.w.org\/{rel}","templated":true}]}}