{"id":187,"date":"2013-06-03T21:55:00","date_gmt":"2013-06-03T19:55:00","guid":{"rendered":"http:\/\/fadajedrez.com\/ajedrezalmeria\/campeonato-prov-de-ajedrez-activo"},"modified":"2015-07-05T23:49:12","modified_gmt":"2015-07-05T21:49:12","slug":"campeonato-prov-de-ajedrez-activo","status":"publish","type":"post","link":"https:\/\/fadajedrez.com\/ajedrezalmeria\/2013\/06\/campeonato-prov-de-ajedrez-activo.html","title":{"rendered":"CAMPEONATO PROV. DE AJEDREZ ACTIVO"},"content":{"rendered":"<div class=\"separator\" style=\"clear: both; text-align: center;\">\nCoincidiendo con el torneo XIII Ciudad de Vicar se disput\u00f3 el campeonato de ajedrez activo de Almer\u00eda.<\/div>\n<div class=\"separator\" style=\"clear: both; text-align: center;\">\nAntes de la entrega de premios, el Delegado Provincial de ajedrez hizo entrega de unas menciones:&nbsp;<\/div>\n<div class=\"separator\" style=\"clear: both; text-align: center;\">\n<\/div>\n<div class=\"separator\" style=\"clear: both; text-align: center;\">\n<a href=\"http:\/\/3.bp.blogspot.com\/-QgQkPEiRPPY\/Ua0OZ6CuUoI\/AAAAAAAACGY\/zeZZyrDaVko\/s1600\/isa.jpg\" imageanchor=\"1\" style=\"margin-left: 1em; margin-right: 1em;\"><img loading=\"lazy\" decoding=\"async\" border=\"0\" height=\"319\" src=\"http:\/\/fadajedrez.com\/ajedrezalmeria\/wp-content\/uploads\/2013\/06\/isa.jpg\" width=\"320\" \/><\/a><\/div>\n<div style=\"text-align: center;\">\n<b>Isabel Amatlle Enguita &nbsp;<\/b><\/div>\n<div style=\"text-align: center;\">\n\u00abPor su colaboraci\u00f3n y gran dedicaci\u00f3n al ajedrez almeriense\u00bb<\/div>\n<div class=\"separator\" style=\"clear: both; text-align: center;\">\n<a href=\"http:\/\/3.bp.blogspot.com\/-LIaWJvfU8yY\/Ua0OgOG09uI\/AAAAAAAACGg\/rWJSpEQvjGY\/s1600\/crist.JPG\" imageanchor=\"1\" style=\"margin-left: 1em; margin-right: 1em;\"><img loading=\"lazy\" decoding=\"async\" border=\"0\" height=\"240\" src=\"http:\/\/fadajedrez.com\/ajedrezalmeria\/wp-content\/uploads\/2013\/06\/crist.jpg\" width=\"320\" \/><\/a><\/div>\n<div style=\"text-align: center;\">\n<b>&nbsp;Cristina Cabrera Valverde<\/b><\/div>\n<div style=\"text-align: center;\">\n\u00bb Por ser campeona de espa\u00f1a sub 12&#8243;<\/div>\n<div style=\"text-align: center;\">\n<\/div>\n<div style=\"text-align: center;\">\n<\/div>\n<div class=\"separator\" style=\"clear: both; text-align: center;\">\n<a href=\"http:\/\/3.bp.blogspot.com\/-ZrCS4LnbuhQ\/Ua0OjD-wa7I\/AAAAAAAACGo\/s9BGgEB_fHI\/s1600\/moi.JPG\" imageanchor=\"1\" style=\"margin-left: 1em; margin-right: 1em;\"><img loading=\"lazy\" decoding=\"async\" border=\"0\" height=\"240\" src=\"http:\/\/fadajedrez.com\/ajedrezalmeria\/wp-content\/uploads\/2013\/06\/moi.jpg\" width=\"320\" \/><\/a><\/div>\n<div style=\"text-align: center;\">\n<b>Mois\u00e9s Ucl\u00e9s Lirola&nbsp;<\/b><\/div>\n<div style=\"text-align: center;\">\n\u00bb Por ser Campe\u00f3n de Espa\u00f1a sub 14&#8243;<\/div>\n<div style=\"text-align: center;\">\n<\/div>\n<div style=\"text-align: center;\">\nAs\u00ed qued\u00f3 la clasificaci\u00f3n del torneo:&nbsp;<\/div>\n<div style=\"text-align: center;\">\n<b><a href=\"http:\/\/chess-results.com\/tnr101090.aspx?art=1&amp;lan=2&amp;wi=821\">CLASIFICACI\u00d3N&nbsp;<\/a><\/b><\/div>\n<div style=\"text-align: center;\">\n<\/div>\n<div style=\"text-align: center;\">\n<\/div>\n<div style=\"text-align: center;\">\n<b>Campe\u00f3n Provincial de ajedrez activo<\/b><\/div>\n<div style=\"text-align: center;\">\n<b><br \/><\/b><\/div>\n<div class=\"separator\" style=\"clear: both; text-align: center;\">\n<a href=\"http:\/\/3.bp.blogspot.com\/-Ci1Ljpj2w78\/Ua0Ou34AWcI\/AAAAAAAACGw\/rUS1YGiWA_I\/s1600\/campe%C3%B3n+Prov..jpg\" imageanchor=\"1\" style=\"margin-left: 1em; margin-right: 1em;\"><img loading=\"lazy\" decoding=\"async\" border=\"0\" height=\"320\" src=\"http:\/\/fadajedrez.com\/ajedrezalmeria\/wp-content\/uploads\/2013\/06\/campe\u00f3n-Prov..jpg\" width=\"291\" \/><\/a><\/div>\n<div style=\"text-align: center;\">\n<b>Jos\u00e9 Carlos Ibarra Jerez<\/b><\/div>\n<div style=\"text-align: center;\">\n<b><br \/><\/b><\/div>\n<div style=\"text-align: center;\">\n<b><br \/><\/b><\/div>\n<div style=\"text-align: center;\">\n<b><br \/><\/b><\/div>\n","protected":false},"excerpt":{"rendered":"<p>Coincidiendo con el torneo XIII Ciudad de Vicar se disput\u00f3 el campeonato de ajedrez activo de Almer\u00eda. Antes de la<\/p>\n","protected":false},"author":5,"featured_media":989,"comment_status":"open","ping_status":"open","sticky":false,"template":"","format":"standard","meta":{"footnotes":""},"categories":[1],"tags":[],"class_list":["post-187","post","type-post","status-publish","format-standard","has-post-thumbnail","hentry","category-otras-noticias"],"_links":{"self":[{"href":"https:\/\/fadajedrez.com\/ajedrezalmeria\/wp-json\/wp\/v2\/posts\/187","targetHints":{"allow":["GET"]}}],"collection":[{"href":"https:\/\/fadajedrez.com\/ajedrezalmeria\/wp-json\/wp\/v2\/posts"}],"about":[{"href":"https:\/\/fadajedrez.com\/ajedrezalmeria\/wp-json\/wp\/v2\/types\/post"}],"author":[{"embeddable":true,"href":"https:\/\/fadajedrez.com\/ajedrezalmeria\/wp-json\/wp\/v2\/users\/5"}],"replies":[{"embeddable":true,"href":"https:\/\/fadajedrez.com\/ajedrezalmeria\/wp-json\/wp\/v2\/comments?post=187"}],"version-history":[{"count":1,"href":"https:\/\/fadajedrez.com\/ajedrezalmeria\/wp-json\/wp\/v2\/posts\/187\/revisions"}],"predecessor-version":[{"id":993,"href":"https:\/\/fadajedrez.com\/ajedrezalmeria\/wp-json\/wp\/v2\/posts\/187\/revisions\/993"}],"wp:featuredmedia":[{"embeddable":true,"href":"https:\/\/fadajedrez.com\/ajedrezalmeria\/wp-json\/wp\/v2\/media\/989"}],"wp:attachment":[{"href":"https:\/\/fadajedrez.com\/ajedrezalmeria\/wp-json\/wp\/v2\/media?parent=187"}],"wp:term":[{"taxonomy":"category","embeddable":true,"href":"https:\/\/fadajedrez.com\/ajedrezalmeria\/wp-json\/wp\/v2\/categories?post=187"},{"taxonomy":"post_tag","embeddable":true,"href":"https:\/\/fadajedrez.com\/ajedrezalmeria\/wp-json\/wp\/v2\/tags?post=187"}],"curies":[{"name":"wp","href":"https:\/\/api.w.org\/{rel}","templated":true}]}}