{"id":153,"date":"2013-09-09T19:40:00","date_gmt":"2013-09-09T17:40:00","guid":{"rendered":"http:\/\/fadajedrez.com\/ajedrezalmeria\/asamblea-de-la-delegacion-almeriense-de"},"modified":"2015-07-05T23:49:11","modified_gmt":"2015-07-05T21:49:11","slug":"asamblea-de-la-delegacion-almeriense-de","status":"publish","type":"post","link":"https:\/\/fadajedrez.com\/ajedrezalmeria\/2013\/09\/asamblea-de-la-delegacion-almeriense-de.html","title":{"rendered":"ASAMBLEA DE LA DELEGACI\u00d3N ALMERIENSE DE AJEDREZ"},"content":{"rendered":"<div class=\"separator\" style=\"clear: both; text-align: center;\">\n<a href=\"http:\/\/fadajedrez.com\/ajedrezalmeria\/wp-content\/uploads\/2013\/09\/del5.jpg\" imageanchor=\"1\" style=\"margin-left: 1em; margin-right: 1em;\"><img decoding=\"async\" border=\"0\" src=\"http:\/\/fadajedrez.com\/ajedrezalmeria\/wp-content\/uploads\/2013\/09\/del5.jpg\" \/><\/a><\/div>\n<div style=\"text-align: center;\">\n<\/div>\n<div style=\"text-align: center;\">\n<b>LUGAR: Sede club Indalo. ( Asociaci\u00f3n de vecinos San Antonio . Almer\u00eda )<\/b><br style=\"background-color: #f7f0e9; color: #634320; font-family: Helvetica, Arial, Verdana, 'Trebuchet MS', sans-serif; font-size: 13px; line-height: 18px; text-align: left;\" \/><b>D\u00eda: 15 de septiembre&nbsp;<\/b><br style=\"background-color: #f7f0e9; color: #634320; font-family: Helvetica, Arial, Verdana, 'Trebuchet MS', sans-serif; font-size: 13px; line-height: 18px; text-align: left;\" \/><b>HORA :<\/b>&nbsp;17.30 horas ( Primera convocatoria )<br style=\"background-color: #f7f0e9; color: #634320; font-family: Helvetica, Arial, Verdana, 'Trebuchet MS', sans-serif; font-size: 13px; line-height: 18px; text-align: left;\" \/>18.00 horas ( Segunda convocatoria )<br style=\"background-color: #f7f0e9; color: #634320; font-family: Helvetica, Arial, Verdana, 'Trebuchet MS', sans-serif; font-size: 13px; line-height: 18px; text-align: left;\" \/><br style=\"background-color: #f7f0e9; color: #634320; font-family: Helvetica, Arial, Verdana, 'Trebuchet MS', sans-serif; font-size: 13px; line-height: 18px; text-align: left;\" \/><b>ORDEN DEL DIA<\/b><br style=\"background-color: #f7f0e9; color: #634320; font-family: Helvetica, Arial, Verdana, 'Trebuchet MS', sans-serif; font-size: 13px; line-height: 18px; text-align: left;\" \/><br style=\"background-color: #f7f0e9; color: #634320; font-family: Helvetica, Arial, Verdana, 'Trebuchet MS', sans-serif; font-size: 13px; line-height: 18px; text-align: left;\" \/>1.- Lectura y aprobaci\u00f3n del acta anterior<br style=\"background-color: #f7f0e9; color: #634320; font-family: Helvetica, Arial, Verdana, 'Trebuchet MS', sans-serif; font-size: 13px; line-height: 18px; text-align: left;\" \/>2.- Informe del Presidente.<br style=\"background-color: #f7f0e9; color: #634320; font-family: Helvetica, Arial, Verdana, 'Trebuchet MS', sans-serif; font-size: 13px; line-height: 18px; text-align: left;\" \/>3.- Informe econ\u00f3mico.<br style=\"background-color: #f7f0e9; color: #634320; font-family: Helvetica, Arial, Verdana, 'Trebuchet MS', sans-serif; font-size: 13px; line-height: 18px; text-align: left;\" \/>4.- Cuotas 13\/14<br style=\"background-color: #f7f0e9; color: #634320; font-family: Helvetica, Arial, Verdana, 'Trebuchet MS', sans-serif; font-size: 13px; line-height: 18px; text-align: left;\" \/>5.- Presupuesto&nbsp;temp. 13\/14<br style=\"background-color: #f7f0e9; color: #634320; font-family: Helvetica, Arial, Verdana, 'Trebuchet MS', sans-serif; font-size: 13px; line-height: 18px; text-align: left;\" \/>6.- Competiciones Oficiales<br style=\"background-color: #f7f0e9; color: #634320; font-family: Helvetica, Arial, Verdana, 'Trebuchet MS', sans-serif; font-size: 13px; line-height: 18px; text-align: left;\" \/>7.- Calendario<br style=\"background-color: #f7f0e9; color: #634320; font-family: Helvetica, Arial, Verdana, 'Trebuchet MS', sans-serif; font-size: 13px; line-height: 18px; text-align: left;\" \/>8.- Ruegos y preguntas<\/div>\n<div style=\"text-align: center;\">\n<\/div>\n<div style=\"text-align: center;\">\n<\/div>\n","protected":false},"excerpt":{"rendered":"<p>LUGAR: Sede club Indalo. ( Asociaci\u00f3n de vecinos San Antonio . Almer\u00eda )D\u00eda: 15 de septiembre&nbsp;HORA :&nbsp;17.30 horas ( Primera<\/p>\n","protected":false},"author":5,"featured_media":920,"comment_status":"open","ping_status":"open","sticky":false,"template":"","format":"standard","meta":{"footnotes":""},"categories":[1],"tags":[],"class_list":["post-153","post","type-post","status-publish","format-standard","has-post-thumbnail","hentry","category-otras-noticias"],"_links":{"self":[{"href":"https:\/\/fadajedrez.com\/ajedrezalmeria\/wp-json\/wp\/v2\/posts\/153","targetHints":{"allow":["GET"]}}],"collection":[{"href":"https:\/\/fadajedrez.com\/ajedrezalmeria\/wp-json\/wp\/v2\/posts"}],"about":[{"href":"https:\/\/fadajedrez.com\/ajedrezalmeria\/wp-json\/wp\/v2\/types\/post"}],"author":[{"embeddable":true,"href":"https:\/\/fadajedrez.com\/ajedrezalmeria\/wp-json\/wp\/v2\/users\/5"}],"replies":[{"embeddable":true,"href":"https:\/\/fadajedrez.com\/ajedrezalmeria\/wp-json\/wp\/v2\/comments?post=153"}],"version-history":[{"count":1,"href":"https:\/\/fadajedrez.com\/ajedrezalmeria\/wp-json\/wp\/v2\/posts\/153\/revisions"}],"predecessor-version":[{"id":921,"href":"https:\/\/fadajedrez.com\/ajedrezalmeria\/wp-json\/wp\/v2\/posts\/153\/revisions\/921"}],"wp:featuredmedia":[{"embeddable":true,"href":"https:\/\/fadajedrez.com\/ajedrezalmeria\/wp-json\/wp\/v2\/media\/920"}],"wp:attachment":[{"href":"https:\/\/fadajedrez.com\/ajedrezalmeria\/wp-json\/wp\/v2\/media?parent=153"}],"wp:term":[{"taxonomy":"category","embeddable":true,"href":"https:\/\/fadajedrez.com\/ajedrezalmeria\/wp-json\/wp\/v2\/categories?post=153"},{"taxonomy":"post_tag","embeddable":true,"href":"https:\/\/fadajedrez.com\/ajedrezalmeria\/wp-json\/wp\/v2\/tags?post=153"}],"curies":[{"name":"wp","href":"https:\/\/api.w.org\/{rel}","templated":true}]}}